{"id":12440,"date":"2016-11-30T23:22:47","date_gmt":"2016-12-01T04:22:47","guid":{"rendered":"http:\/\/www.midiariodecocina.com\/?p=12440\/"},"modified":"2016-12-05T02:26:55","modified_gmt":"2016-12-05T07:26:55","slug":"convite-expogourmet-campeche-2016-mexico-english","status":"publish","type":"post","link":"https:\/\/www.midiariodecocina.com\/en\/convite-expogourmet-campeche-2016-mexico-english\/","title":{"rendered":"Convite ExpoGourmet Campeche 2016, Mexico (ENGLISH)"},"content":{"rendered":"<div id=\"attachment_12317\" style=\"width: 710px\" class=\"wp-caption aligncenter\"><a href=\"http:\/\/www.midiariodecocina.com\/wp-content\/uploads\/2016\/11\/Catedral-de-Campeche.jpg\" rel=\"attachment wp-att-12317\"><img decoding=\"async\" aria-describedby=\"caption-attachment-12317\" class=\"wp-image-12317 size-full\" title=\"Cathedral from the city of Campeche, M\u00e9xico\" src=\"http:\/\/www.midiariodecocina.com\/wp-content\/uploads\/2016\/11\/Catedral-de-Campeche.jpg\" alt=\"Cathedral from the city of Campeche, M\u00e9xico\" width=\"700\" height=\"525\" srcset=\"https:\/\/www.midiariodecocina.com\/wp-content\/uploads\/2016\/11\/Catedral-de-Campeche.jpg 700w, https:\/\/www.midiariodecocina.com\/wp-content\/uploads\/2016\/11\/Catedral-de-Campeche-300x225.jpg 300w\" sizes=\"(max-width: 700px) 100vw, 700px\" \/><\/a><p id=\"caption-attachment-12317\" class=\"wp-caption-text\">In 1999 it was declared World Heritage Site by UNESCO as &#8220;Historic Fortified Town of Campeche&#8221;.<\/p><\/div>\n<p>On November 18 and 19 I was invited to the first Expo Gourmet Campeche, in the city of Campeche, located southeast of Mexico and west of the Yucatan peninsula. A peaceful city with a lot of history, culture, landscapes, and a rich gastronomy. Under the slogan of making &#8220;Campeche popular forever&#8221;, this first festival began, where not only did we enjoy its food, ingredients and rich geography, but we also discovered a city with friendly, generous people, and where safety is noteworthy.<\/p>\n<p>It was a very intense weekend, where we had a pleasant welcome upon our arrival from Mexico City. I must say that that night was magical, since we entered the <em>Casa de los Murmullos<\/em> (the House of Whispers) of Chef Patrick Cros and Paco Castilla, we were treated so warmly, so pleasantly, and this suited perfectly with the fact of being able to share with other people with whom we had the pleasure of enjoying a spectacular dinner.<\/p>\n<p>I must mention that I fell in love with the <em>Risotto in marrow<\/em>, and <em>Foie Gras over thick salt<\/em>.\u00a0<a href=\"http:\/\/www.midiariodecocina.com\/wp-content\/uploads\/2016\/11\/Casa-de-los-Murmullos.jpg\" rel=\"attachment wp-att-12312\"><img decoding=\"async\" class=\"aligncenter wp-image-12312 size-full\" title=\"Casa de los Murmullos (House of Whispers)\" src=\"http:\/\/www.midiariodecocina.com\/wp-content\/uploads\/2016\/11\/Casa-de-los-Murmullos.jpg\" alt=\"Casa de los Murmullos (House of Whispers)\" width=\"700\" height=\"700\" srcset=\"https:\/\/www.midiariodecocina.com\/wp-content\/uploads\/2016\/11\/Casa-de-los-Murmullos.jpg 700w, https:\/\/www.midiariodecocina.com\/wp-content\/uploads\/2016\/11\/Casa-de-los-Murmullos-150x150.jpg 150w, https:\/\/www.midiariodecocina.com\/wp-content\/uploads\/2016\/11\/Casa-de-los-Murmullos-300x300.jpg 300w, https:\/\/www.midiariodecocina.com\/wp-content\/uploads\/2016\/11\/Casa-de-los-Murmullos-320x320.jpg 320w\" sizes=\"(max-width: 700px) 100vw, 700px\" \/><\/a><\/p>\n<p>The next day was the press conference, where it was clearly spoken of the need to make this city well-known for all its geographical, historical and, above all, gastronomic qualities. This initiative was led by Chef Patrick Cros, who brought together a select group of Chefs and collaborators to simply make a great celebration of this Expo Gourmet. The intention is to place Campeche as an important gastronomic destination of Mexico.<\/p>\n<div id=\"attachment_12314\" style=\"width: 710px\" class=\"wp-caption aligncenter\"><a href=\"http:\/\/www.midiariodecocina.com\/wp-content\/uploads\/2016\/11\/Conferencia-de-prensa.jpg\" rel=\"attachment wp-att-12314\"><img decoding=\"async\" aria-describedby=\"caption-attachment-12314\" class=\"wp-image-12314 size-full\" title=\"Convite ExpoGourmet Campeche 2016, Mexico - Press conference\" src=\"http:\/\/www.midiariodecocina.com\/wp-content\/uploads\/2016\/11\/Conferencia-de-prensa.jpg\" alt=\"Convite ExpoGourmet Campeche 2016, Mexico - Press conference\" width=\"700\" height=\"525\" srcset=\"https:\/\/www.midiariodecocina.com\/wp-content\/uploads\/2016\/11\/Conferencia-de-prensa.jpg 700w, https:\/\/www.midiariodecocina.com\/wp-content\/uploads\/2016\/11\/Conferencia-de-prensa-300x225.jpg 300w\" sizes=\"(max-width: 700px) 100vw, 700px\" \/><\/a><p id=\"caption-attachment-12314\" class=\"wp-caption-text\">From the left Federico L\u00f3pez, Adri\u00e1n Herrera, Patrick Cros, and Pilar Mer\u00e9<\/p><\/div>\n<p>As you can see, Campeche has a lot to show, for example it has several museums, one of them that I visited on this trip was the Fort of San Miguel, the Archeological Museum of Campeche, which has several pieces from different Mayan cities.<\/p>\n<p><a href=\"http:\/\/www.midiariodecocina.com\/wp-content\/uploads\/2016\/11\/Museo-Arqueol\u00f3gico-de-Campeche-.jpg\" rel=\"attachment wp-att-12326\"><img decoding=\"async\" class=\"aligncenter wp-image-12326 size-full\" title=\"Archeological Museum of Campeche\" src=\"http:\/\/www.midiariodecocina.com\/wp-content\/uploads\/2016\/11\/Museo-Arqueol\u00f3gico-de-Campeche-.jpg\" alt=\"Archeological Museum of Campeche\" width=\"700\" height=\"700\" srcset=\"https:\/\/www.midiariodecocina.com\/wp-content\/uploads\/2016\/11\/Museo-Arqueol\u00f3gico-de-Campeche-.jpg 700w, https:\/\/www.midiariodecocina.com\/wp-content\/uploads\/2016\/11\/Museo-Arqueol\u00f3gico-de-Campeche--150x150.jpg 150w, https:\/\/www.midiariodecocina.com\/wp-content\/uploads\/2016\/11\/Museo-Arqueol\u00f3gico-de-Campeche--300x300.jpg 300w, https:\/\/www.midiariodecocina.com\/wp-content\/uploads\/2016\/11\/Museo-Arqueol\u00f3gico-de-Campeche--320x320.jpg 320w\" sizes=\"(max-width: 700px) 100vw, 700px\" \/><\/a><\/p>\n<p>It is often said that one can get to know a city through its gastronomy, and what better to start with the markets. In them we see the reflection of its inhabitants, their customs, their ingredients and traditions. That is why we had to visit the market of Pedro Sainz de Baranda, where on our tour we could see local products from the region, many types of fruits, fish, sweets, and of course some small places where you can taste the flavors of Campeche.<br \/>\n<a href=\"http:\/\/www.midiariodecocina.com\/wp-content\/uploads\/2016\/11\/Mercado-de-Campeche-01.jpg\" rel=\"attachment wp-att-12322\"><img decoding=\"async\" class=\"aligncenter wp-image-12322 size-full\" title=\"Market of Campeche\" src=\"http:\/\/www.midiariodecocina.com\/wp-content\/uploads\/2016\/11\/Mercado-de-Campeche-01.jpg\" alt=\"Market of Campeche\" width=\"700\" height=\"700\" srcset=\"https:\/\/www.midiariodecocina.com\/wp-content\/uploads\/2016\/11\/Mercado-de-Campeche-01.jpg 700w, https:\/\/www.midiariodecocina.com\/wp-content\/uploads\/2016\/11\/Mercado-de-Campeche-01-150x150.jpg 150w, https:\/\/www.midiariodecocina.com\/wp-content\/uploads\/2016\/11\/Mercado-de-Campeche-01-300x300.jpg 300w, https:\/\/www.midiariodecocina.com\/wp-content\/uploads\/2016\/11\/Mercado-de-Campeche-01-320x320.jpg 320w\" sizes=\"(max-width: 700px) 100vw, 700px\" \/><\/a> <a href=\"http:\/\/www.midiariodecocina.com\/wp-content\/uploads\/2016\/11\/Mercado-de-Campeche-02.jpg\" rel=\"attachment wp-att-12324\"><img decoding=\"async\" class=\"aligncenter wp-image-12324 size-full\" title=\"Market of Campeche\" src=\"http:\/\/www.midiariodecocina.com\/wp-content\/uploads\/2016\/11\/Mercado-de-Campeche-02.jpg\" alt=\"Market of Campeche\" width=\"700\" height=\"700\" srcset=\"https:\/\/www.midiariodecocina.com\/wp-content\/uploads\/2016\/11\/Mercado-de-Campeche-02.jpg 700w, https:\/\/www.midiariodecocina.com\/wp-content\/uploads\/2016\/11\/Mercado-de-Campeche-02-150x150.jpg 150w, https:\/\/www.midiariodecocina.com\/wp-content\/uploads\/2016\/11\/Mercado-de-Campeche-02-300x300.jpg 300w, https:\/\/www.midiariodecocina.com\/wp-content\/uploads\/2016\/11\/Mercado-de-Campeche-02-320x320.jpg 320w\" sizes=\"(max-width: 700px) 100vw, 700px\" \/><\/a><a href=\"http:\/\/www.midiariodecocina.com\/wp-content\/uploads\/2016\/11\/Botanas.jpg\" rel=\"attachment wp-att-12338\"><img decoding=\"async\" class=\"aligncenter wp-image-12338 size-full\" title=\"Botanas (snacks or appetizers)\" src=\"http:\/\/www.midiariodecocina.com\/wp-content\/uploads\/2016\/11\/Botanas.jpg\" alt=\"Botanas (snacks or appetizers)\" width=\"700\" height=\"933\" srcset=\"https:\/\/www.midiariodecocina.com\/wp-content\/uploads\/2016\/11\/Botanas.jpg 700w, https:\/\/www.midiariodecocina.com\/wp-content\/uploads\/2016\/11\/Botanas-225x300.jpg 225w\" sizes=\"(max-width: 700px) 100vw, 700px\" \/><\/a><\/p>\n<p>In Campeche you can find the popular <em>Calle 59<\/em> (i.e. Street 59), the urban heart where you can see an architectural treasure, having several businesses and restaurants, as well as private homes. Without a doubt I must recommend the <em>Salon Rinc\u00f3n Colonial<\/em> cantina, there you can enjoy some Botanas (snacks or appetizer), just for the consumption of some beer. Spectacular, to say the least. We could taste a series of tacos and the popular Pan de caz\u00f3n (a type of bread), a very typical dish of Campeche.<\/p>\n<p><a href=\"http:\/\/www.midiariodecocina.com\/wp-content\/uploads\/2016\/11\/Calle-59.jpg\" rel=\"attachment wp-att-12340\"><img decoding=\"async\" class=\"aligncenter wp-image-12340 size-full\" title=\"Calle 59, city of Campeche, Mexico\" src=\"http:\/\/www.midiariodecocina.com\/wp-content\/uploads\/2016\/11\/Calle-59.jpg\" alt=\"Calle 59, city of Campeche, Mexico\" width=\"700\" height=\"933\" srcset=\"https:\/\/www.midiariodecocina.com\/wp-content\/uploads\/2016\/11\/Calle-59.jpg 700w, https:\/\/www.midiariodecocina.com\/wp-content\/uploads\/2016\/11\/Calle-59-225x300.jpg 225w\" sizes=\"(max-width: 700px) 100vw, 700px\" \/><\/a><a href=\"http:\/\/www.midiariodecocina.com\/wp-content\/uploads\/2016\/11\/Calle-59-a.jpg\" rel=\"attachment wp-att-12371\"><img decoding=\"async\" class=\"aligncenter wp-image-12371 size-full\" title=\"Calle 59, city of Campeche, Mexico\" src=\"http:\/\/www.midiariodecocina.com\/wp-content\/uploads\/2016\/11\/Calle-59-a.jpg\" alt=\"Calle 59, city of Campeche, Mexico\" width=\"700\" height=\"933\" srcset=\"https:\/\/www.midiariodecocina.com\/wp-content\/uploads\/2016\/11\/Calle-59-a.jpg 700w, https:\/\/www.midiariodecocina.com\/wp-content\/uploads\/2016\/11\/Calle-59-a-225x300.jpg 225w\" sizes=\"(max-width: 700px) 100vw, 700px\" \/><\/a><\/p>\n<p>On Friday we again had a spectacular dinner, where the chefs invited to the event worked in several restaurants around the area. With my fellow travellers we were lucky enough to enjoy the well-known Marganzo Restaurant, and taste a 5-course dinner by Chef Federico Lopez. The menu consisted of <em>Sopa de lima de la familia<\/em> (a type of soup), <em>Mini pan de caz\u00f3n<\/em> (a type of bread), <em>Crab cake de cangrejo moro<\/em> (Stone-crab cake), <em>Pulpo en salsa de frijol con habanero y pl\u00e1tano macho<\/em> (Octopus in bean sauce with habanero pepper and male plantain), <em>Camar\u00f3n en manto de filete de res campechano<\/em> (Shrimp in a cover of Campechano beef tenderloin), 4 dessert samples, and all such delicious dinner was accompanied by varieties of Mexican wines. That evening was a really luxury.<\/p>\n<p><a href=\"http:\/\/www.midiariodecocina.com\/wp-content\/uploads\/2016\/11\/Marganzo.jpg\" rel=\"attachment wp-att-12382\"><img decoding=\"async\" class=\"aligncenter wp-image-12382 size-full\" title=\"Dinner at Marganzo Restaurant, Campeche, M\u00e9xico\" src=\"http:\/\/www.midiariodecocina.com\/wp-content\/uploads\/2016\/11\/Marganzo.jpg\" alt=\"Dinner at Marganzo Restaurant, Campeche, M\u00e9xico\" width=\"700\" height=\"700\" srcset=\"https:\/\/www.midiariodecocina.com\/wp-content\/uploads\/2016\/11\/Marganzo.jpg 700w, https:\/\/www.midiariodecocina.com\/wp-content\/uploads\/2016\/11\/Marganzo-150x150.jpg 150w, https:\/\/www.midiariodecocina.com\/wp-content\/uploads\/2016\/11\/Marganzo-300x300.jpg 300w, https:\/\/www.midiariodecocina.com\/wp-content\/uploads\/2016\/11\/Marganzo-320x320.jpg 320w\" sizes=\"(max-width: 700px) 100vw, 700px\" \/><\/a><\/p>\n<div id=\"attachment_12380\" style=\"width: 710px\" class=\"wp-caption aligncenter\"><a href=\"http:\/\/www.midiariodecocina.com\/wp-content\/uploads\/2016\/11\/Chaya.jpg\" rel=\"attachment wp-att-12380\"><img decoding=\"async\" aria-describedby=\"caption-attachment-12380\" class=\"wp-image-12380 size-full\" title=\"Chaya leaf\" src=\"http:\/\/www.midiariodecocina.com\/wp-content\/uploads\/2016\/11\/Chaya.jpg\" alt=\"Chaya leaf\" width=\"700\" height=\"933\" srcset=\"https:\/\/www.midiariodecocina.com\/wp-content\/uploads\/2016\/11\/Chaya.jpg 700w, https:\/\/www.midiariodecocina.com\/wp-content\/uploads\/2016\/11\/Chaya-225x300.jpg 225w\" sizes=\"(max-width: 700px) 100vw, 700px\" \/><\/a><p id=\"caption-attachment-12380\" class=\"wp-caption-text\">This is the chaya leaf that the owner of the Marganzo Restaurant kindly showed to us, since I particulary loved the juice of water from the chaya leaf and pineapple.<\/p><\/div>\n<p>&nbsp;<\/p>\n<div id=\"attachment_12384\" style=\"width: 710px\" class=\"wp-caption aligncenter\"><a href=\"http:\/\/www.midiariodecocina.com\/wp-content\/uploads\/2016\/11\/Dulce.jpg\" rel=\"attachment wp-att-12384\"><img decoding=\"async\" aria-describedby=\"caption-attachment-12384\" class=\"wp-image-12384 size-full\" title=\"Frailes, Mexican sweets\" src=\"http:\/\/www.midiariodecocina.com\/wp-content\/uploads\/2016\/11\/Dulce.jpg\" alt=\"Frailes, Mexican sweets\" width=\"700\" height=\"933\" srcset=\"https:\/\/www.midiariodecocina.com\/wp-content\/uploads\/2016\/11\/Dulce.jpg 700w, https:\/\/www.midiariodecocina.com\/wp-content\/uploads\/2016\/11\/Dulce-225x300.jpg 225w\" sizes=\"(max-width: 700px) 100vw, 700px\" \/><\/a><p id=\"caption-attachment-12384\" class=\"wp-caption-text\">She posed very kindly to show us these popular sweets filled with coconut flakes, called &#8220;Frailes&#8221;<\/p><\/div>\n<p>&nbsp;<\/p>\n<p><a href=\"http:\/\/www.midiariodecocina.com\/wp-content\/uploads\/2016\/11\/Zona-Arqueol\u00f3gica-de-Edzn\u00e1.jpg\" rel=\"attachment wp-att-12376\"><img decoding=\"async\" class=\"aligncenter wp-image-12376 size-full\" title=\"Archeological zone of Edzn\u00e1\" src=\"http:\/\/www.midiariodecocina.com\/wp-content\/uploads\/2016\/11\/Zona-Arqueol\u00f3gica-de-Edzn\u00e1.jpg\" alt=\"Archeological zone of Edzn\u00e1\" width=\"700\" height=\"155\" srcset=\"https:\/\/www.midiariodecocina.com\/wp-content\/uploads\/2016\/11\/Zona-Arqueol\u00f3gica-de-Edzn\u00e1.jpg 700w, https:\/\/www.midiariodecocina.com\/wp-content\/uploads\/2016\/11\/Zona-Arqueol\u00f3gica-de-Edzn\u00e1-300x66.jpg 300w\" sizes=\"(max-width: 700px) 100vw, 700px\" \/><\/a><\/p>\n<p>On Saturday we toured the archeological zone of Edzn\u00e1, which is located 60 kilometers (37 miles) southeast of the city of Campeche. Visiting that area is a must. There you can count on guides if you so desire, and discover with your own eyes all this architectural beauty created by the Mayans, and how this city worked in those times.<\/p>\n<p><a href=\"http:\/\/www.midiariodecocina.com\/wp-content\/uploads\/2016\/11\/Zona-Arqueol\u00f3gica-de-Edzn\u00e1-2.jpg\" rel=\"attachment wp-att-12378\"><img decoding=\"async\" class=\"aligncenter wp-image-12378 size-full\" title=\"Archeological zone of Edzn\u00e1\" src=\"http:\/\/www.midiariodecocina.com\/wp-content\/uploads\/2016\/11\/Zona-Arqueol\u00f3gica-de-Edzn\u00e1-2.jpg\" alt=\"Archeological zone of Edzn\u00e1\" width=\"700\" height=\"933\" srcset=\"https:\/\/www.midiariodecocina.com\/wp-content\/uploads\/2016\/11\/Zona-Arqueol\u00f3gica-de-Edzn\u00e1-2.jpg 700w, https:\/\/www.midiariodecocina.com\/wp-content\/uploads\/2016\/11\/Zona-Arqueol\u00f3gica-de-Edzn\u00e1-2-225x300.jpg 225w\" sizes=\"(max-width: 700px) 100vw, 700px\" \/><\/a><\/p>\n<p><a href=\"http:\/\/www.midiariodecocina.com\/wp-content\/uploads\/2016\/11\/LaPilgua.jpg\" rel=\"attachment wp-att-12404\"><img decoding=\"async\" class=\"aligncenter wp-image-12404 size-full\" title=\"Lunch at La Pigua Restaurant\" src=\"http:\/\/www.midiariodecocina.com\/wp-content\/uploads\/2016\/11\/LaPilgua.jpg\" alt=\"Lunch at La Pigua Restaurant\" width=\"700\" height=\"700\" srcset=\"https:\/\/www.midiariodecocina.com\/wp-content\/uploads\/2016\/11\/LaPilgua.jpg 700w, https:\/\/www.midiariodecocina.com\/wp-content\/uploads\/2016\/11\/LaPilgua-150x150.jpg 150w, https:\/\/www.midiariodecocina.com\/wp-content\/uploads\/2016\/11\/LaPilgua-300x300.jpg 300w, https:\/\/www.midiariodecocina.com\/wp-content\/uploads\/2016\/11\/LaPilgua-320x320.jpg 320w\" sizes=\"(max-width: 700px) 100vw, 700px\" \/><\/a><\/p>\n<p>Saturday also belonged to the <a href=\"http:\/\/lapigua.com.mx\/\" target=\"_blank\" rel=\"nofollow\">La Pigua<\/a> Restaurant, where at lunchtime we sampled the most typical flavors of Campeche. This city has an extensive coast, so they have fresh and delicious seafood. At that time we tried <em>Coconut Shrimp<\/em>, <em>Stone-Crab Hands<\/em>, <em>Cayo Arcas Shrimp<\/em>, and <em>Ceviche<\/em>. Visiting that place is also a must.<\/p>\n<p>In the evening, we returned to the La Pigua Restaurant, but this time it was in another hall where the gala dinner was held, which in turn was a fundraiser dinner. It was very interesting to see how 8 chefs met to elaborate the 8-course dinner:<\/p>\n<ul>\n<li><em>Camarones en aguachile de coco y achiote<\/em> (Shrimp in aguachile of coconut and annatto) from Chef Luis Barocio<\/li>\n<li><em>Chiles Lxcatic Puesta de Sol<\/em> (Lxcatic Sunset Chilies) from Chef Carlos Canul<\/li>\n<li><em>Pulpo a la Pen\u00ednsula de Yucat\u00e1n con calabaza criolla y salsa de curry rojo<\/em> (Octopus from the Yucat\u00e1n Peninsula with Creole Pumpkin and Red Curry Sauce) from Chef Josefina Santa Cruz<\/li>\n<li><em>Puerco en caldillo de habanero y tomate asado con pur\u00e9 de papa y camote<\/em> (Pork in habanero pepper broth and baked tomato with mashed potatoes and sweet-potatoes) from Chef Adri\u00e1n Herrera<\/li>\n<li><em>Pato confitado en mole de mara\u00f1\u00f3n pasa<\/em> (Candied duck in cashew-raisin mole) from Chef Patrick Cros (my favorite)<\/li>\n<li><em>Chichilo negro+costilla 24 horas+escamoles+quelites<\/em> (Black beef stew + 24-hour rib + escamoles + quelites) from Chef Jonat\u00e1n G\u00f3mez Luna<\/li>\n<li><em>Baba de pepita y miel melipona con helado de mara\u00f1on pasa<\/em> (Seed syrup and Melipona honey, with cashew-raisin ice cream) from Chef Federico L\u00f3pez<\/li>\n<li><em>Mouse de queso de bola acompa\u00f1ado de ate de guayaba y miel de piloncillo<\/em> (Ball-cheese mousse accompanied with guava-jelly and panela honey) from Chef Gisela Trejo.<\/li>\n<\/ul>\n<p>In this trip, the great discovery for me was to learn about the Mexican wines. I was able to taste a variety of wine-types from several vineyards of the northwest zone of Mexico.<\/p>\n<p><a href=\"http:\/\/www.midiariodecocina.com\/wp-content\/uploads\/2016\/11\/Cena-de-gala.jpg\" rel=\"attachment wp-att-12406\"><img decoding=\"async\" class=\"aligncenter wp-image-12406 size-full\" title=\"Gala dinner Convite ExpoGourmet Campeche 2016, M\u00e9xico, La Pigua Restaurant\" src=\"http:\/\/www.midiariodecocina.com\/wp-content\/uploads\/2016\/11\/Cena-de-gala.jpg\" alt=\"Gala dinner Convite ExpoGourmet Campeche 2016, M\u00e9xico, La Pigua Restaurant\" width=\"700\" height=\"700\" srcset=\"https:\/\/www.midiariodecocina.com\/wp-content\/uploads\/2016\/11\/Cena-de-gala.jpg 700w, https:\/\/www.midiariodecocina.com\/wp-content\/uploads\/2016\/11\/Cena-de-gala-150x150.jpg 150w, https:\/\/www.midiariodecocina.com\/wp-content\/uploads\/2016\/11\/Cena-de-gala-300x300.jpg 300w, https:\/\/www.midiariodecocina.com\/wp-content\/uploads\/2016\/11\/Cena-de-gala-320x320.jpg 320w\" sizes=\"(max-width: 700px) 100vw, 700px\" \/><\/a><\/p>\n<p>&nbsp;<\/p>\n<p>On Sunday we went to Pomuch to have breakfast, and try the best &#8220;cochinita pibil&#8221; (a traditional Mexican slow-roasted pork dish) in the area. It was really worth the trip, I had never tasted such intense and tasty flavors, a delight to say the least. We also took advantage of visiting the oldest bakery in the area, where bread is made with traditional recipes from its founders. There you can try the &#8220;Pan de Pich\u00f3n&#8221; (Pigeon Bread) that is stuffed with ham, yellow cheese and jalape\u00f1o among others.<\/p>\n<p><a href=\"http:\/\/www.midiariodecocina.com\/wp-content\/uploads\/2016\/11\/collage.jpg\" rel=\"attachment wp-att-12397\"><img decoding=\"async\" class=\"aligncenter wp-image-12397 size-full\" title=\"La Huachita bakery, Pomuch\" src=\"http:\/\/www.midiariodecocina.com\/wp-content\/uploads\/2016\/11\/collage.jpg\" alt=\"La Huachita bakery, Pomuch\" width=\"700\" height=\"700\" srcset=\"https:\/\/www.midiariodecocina.com\/wp-content\/uploads\/2016\/11\/collage.jpg 700w, https:\/\/www.midiariodecocina.com\/wp-content\/uploads\/2016\/11\/collage-150x150.jpg 150w, https:\/\/www.midiariodecocina.com\/wp-content\/uploads\/2016\/11\/collage-300x300.jpg 300w, https:\/\/www.midiariodecocina.com\/wp-content\/uploads\/2016\/11\/collage-320x320.jpg 320w\" sizes=\"(max-width: 700px) 100vw, 700px\" \/><\/a><\/p>\n<div id=\"attachment_12386\" style=\"width: 710px\" class=\"wp-caption aligncenter\"><a href=\"http:\/\/www.midiariodecocina.com\/wp-content\/uploads\/2016\/11\/Taco-de-cochinita-pibil.jpg\" rel=\"attachment wp-att-12386\"><img decoding=\"async\" aria-describedby=\"caption-attachment-12386\" class=\"wp-image-12386 size-full\" title=\"Taco of &quot;cochinita pibil&quot; from Pomuch\" src=\"http:\/\/www.midiariodecocina.com\/wp-content\/uploads\/2016\/11\/Taco-de-cochinita-pibil.jpg\" alt=\"Taco of &quot;cochinita pibil&quot; from Pomuch\" width=\"700\" height=\"933\" srcset=\"https:\/\/www.midiariodecocina.com\/wp-content\/uploads\/2016\/11\/Taco-de-cochinita-pibil.jpg 700w, https:\/\/www.midiariodecocina.com\/wp-content\/uploads\/2016\/11\/Taco-de-cochinita-pibil-225x300.jpg 225w\" sizes=\"(max-width: 700px) 100vw, 700px\" \/><\/a><p id=\"caption-attachment-12386\" class=\"wp-caption-text\">The famous &#8220;cochinita pibil&#8221;<\/p><\/div>\n<p>In Pomuch we also visited the Mayan cemetery, where we discovered the way in which its people celebrate their dead, as after some years they remove the remains of their tombs to clean them, and then put them back in a reduction coffin with cloths made by people of the area, and their remains are actually exposed. It is a very old tradition, where people believe that if this is not done, then their beloved deceased ones will not return to visit their relatives. It&#8217;s quite a strong feeling to witness that, but it shows a perspective of celebrating death in a less tragic way.<\/p>\n<p>We of course took advantage of the opportunity to go take a tour of the &#8220;Jos\u00e9 del Carmen Orteg\u00f3n&#8221; municipal public market, where we found varieties of products and typical clothes of Campeche.<\/p>\n<p><a href=\"http:\/\/www.midiariodecocina.com\/wp-content\/uploads\/2016\/11\/Pomuch.jpg\" rel=\"attachment wp-att-12399\"><img decoding=\"async\" class=\"aligncenter wp-image-12399 size-full\" title=\"Pomuch, M\u00e9xico\" src=\"http:\/\/www.midiariodecocina.com\/wp-content\/uploads\/2016\/11\/Pomuch.jpg\" alt=\"Pomuch, M\u00e9xico\" width=\"700\" height=\"700\" srcset=\"https:\/\/www.midiariodecocina.com\/wp-content\/uploads\/2016\/11\/Pomuch.jpg 700w, https:\/\/www.midiariodecocina.com\/wp-content\/uploads\/2016\/11\/Pomuch-150x150.jpg 150w, https:\/\/www.midiariodecocina.com\/wp-content\/uploads\/2016\/11\/Pomuch-300x300.jpg 300w, https:\/\/www.midiariodecocina.com\/wp-content\/uploads\/2016\/11\/Pomuch-320x320.jpg 320w\" sizes=\"(max-width: 700px) 100vw, 700px\" \/><\/a><\/p>\n<p>As a finishing touch, we culminated this gathering by touring the Bay of Campeche aboard the pirate ship &#8220;Lorencillo&#8221;, which offers meals and dinners, and one can enjoy the relaxation from the sea with a beautiful postcard-like sight of Campeche.<\/p>\n<p><a href=\"http:\/\/www.midiariodecocina.com\/wp-content\/uploads\/2016\/11\/Gale\u00f3n.jpg\" rel=\"attachment wp-att-12388\"><img decoding=\"async\" class=\"aligncenter wp-image-12388 size-full\" title=\"Pirate galleon &quot;Lorencillo&quot;\" src=\"http:\/\/www.midiariodecocina.com\/wp-content\/uploads\/2016\/11\/Gale\u00f3n.jpg\" alt=\"Pirate galleon &quot;Lorencillo&quot;\" width=\"700\" height=\"525\" srcset=\"https:\/\/www.midiariodecocina.com\/wp-content\/uploads\/2016\/11\/Gale\u00f3n.jpg 700w, https:\/\/www.midiariodecocina.com\/wp-content\/uploads\/2016\/11\/Gale\u00f3n-300x225.jpg 300w\" sizes=\"(max-width: 700px) 100vw, 700px\" \/><\/a><\/p>\n<p>In conclusion, I must say that Campeche was quite a discovery for me. Thanks to Chef Patrick Cros and his entire team for organizing an event that will undoubtedly be a path to promote this city that has a great gastronomic and cultural wealth. That is why I invite you (if you want to visit Mexico) to this city, as being one of the best options to begin with. And it&#8217;s definitely time to make <em><strong>Campeche popular forever!<\/strong><\/em><\/p>\n","protected":false},"excerpt":{"rendered":"<p>On November 18 and 19 I was invited to the first Expo Gourmet Campeche, in the city of Campeche, located southeast of Mexico and west of the Yucatan peninsula. A peaceful city with a lot of history, culture, landscapes, and a rich gastronomy. Under the slogan of making &#8220;Campeche popular forever&#8221;, this first festival began,&#8230;<\/p>\n<p><a class=\"more-link\" href=\"https:\/\/www.midiariodecocina.com\/en\/convite-expogourmet-campeche-2016-mexico-english\/\">Read More &raquo;<\/a><\/p>\n","protected":false},"author":2,"featured_media":12318,"comment_status":"open","ping_status":"open","sticky":false,"template":"","format":"standard","meta":{"_genesis_hide_title":false,"_genesis_hide_breadcrumbs":false,"_genesis_hide_singular_image":false,"_genesis_hide_footer_widgets":false,"_genesis_custom_body_class":"","_genesis_custom_post_class":"","_genesis_layout":"","footnotes":""},"categories":[631,640],"tags":[1400,1402,1401],"class_list":{"0":"post-12440","1":"post","2":"type-post","3":"status-publish","4":"format-standard","5":"has-post-thumbnail","7":"category-miscellaneous","8":"category-travel","9":"tag-campeche","10":"tag-expo-gourmet","11":"tag-mexico","12":"entry"},"yoast_head":"<!-- This site is optimized with the Yoast SEO plugin v26.3 - https:\/\/yoast.com\/wordpress\/plugins\/seo\/ -->\n<title>Convite ExpoGourmet Campeche 2016, Mexico (ENGLISH) &#8211; Mi Diario de Cocina<\/title>\n<meta name=\"description\" content=\"Post about Convite ExpoGourmet Campeche 2016, Mexico (ENGLISH), an unforgettable gastronomic and touristic experience, in the beautiful and historic city of Campeche\" \/>\n<meta name=\"robots\" content=\"index, follow, max-snippet:-1, max-image-preview:large, max-video-preview:-1\" \/>\n<link rel=\"canonical\" href=\"https:\/\/www.midiariodecocina.com\/en\/convite-expogourmet-campeche-2016-mexico-english\/\" \/>\n<meta property=\"og:locale\" content=\"en_US\" \/>\n<meta property=\"og:type\" content=\"article\" \/>\n<meta property=\"og:title\" content=\"Convite ExpoGourmet Campeche 2016, Mexico (ENGLISH) &#8211; Mi Diario de Cocina\" \/>\n<meta property=\"og:description\" content=\"Post about Convite ExpoGourmet Campeche 2016, Mexico (ENGLISH), an unforgettable gastronomic and touristic experience, in the beautiful and historic city of Campeche\" \/>\n<meta property=\"og:url\" content=\"https:\/\/www.midiariodecocina.com\/en\/convite-expogourmet-campeche-2016-mexico-english\/\" \/>\n<meta property=\"og:site_name\" content=\"Mi Diario de Cocina\" \/>\n<meta property=\"article:publisher\" content=\"https:\/\/www.facebook.com\/midiariodecocina\" \/>\n<meta property=\"article:published_time\" content=\"2016-12-01T04:22:47+00:00\" \/>\n<meta property=\"article:modified_time\" content=\"2016-12-05T07:26:55+00:00\" \/>\n<meta property=\"og:image\" content=\"https:\/\/www.midiariodecocina.com\/wp-content\/uploads\/2016\/11\/Catedral-de-Campeche.jpg\" \/>\n\t<meta property=\"og:image:width\" content=\"700\" \/>\n\t<meta property=\"og:image:height\" content=\"525\" \/>\n\t<meta property=\"og:image:type\" content=\"image\/jpeg\" \/>\n<meta name=\"author\" content=\"Carolina Rojas\" \/>\n<meta name=\"twitter:card\" content=\"summary_large_image\" \/>\n<meta name=\"twitter:creator\" content=\"@Mooncarolina\" \/>\n<meta name=\"twitter:site\" content=\"@Mooncarolina\" \/>\n<meta name=\"twitter:label1\" content=\"Written by\" \/>\n\t<meta name=\"twitter:data1\" content=\"Carolina Rojas\" \/>\n\t<meta name=\"twitter:label2\" content=\"Est. reading time\" \/>\n\t<meta name=\"twitter:data2\" content=\"7 minutes\" \/>\n<script type=\"application\/ld+json\" class=\"yoast-schema-graph\">{\"@context\":\"https:\/\/schema.org\",\"@graph\":[{\"@type\":\"Article\",\"@id\":\"https:\/\/www.midiariodecocina.com\/en\/convite-expogourmet-campeche-2016-mexico-english\/#article\",\"isPartOf\":{\"@id\":\"https:\/\/www.midiariodecocina.com\/en\/convite-expogourmet-campeche-2016-mexico-english\/\"},\"author\":{\"name\":\"Carolina Rojas\",\"@id\":\"https:\/\/www.midiariodecocina.com\/en\/#\/schema\/person\/c2097bd92e1a1dae3088e16312f461cd\"},\"headline\":\"Convite ExpoGourmet Campeche 2016, Mexico (ENGLISH)\",\"datePublished\":\"2016-12-01T04:22:47+00:00\",\"dateModified\":\"2016-12-05T07:26:55+00:00\",\"mainEntityOfPage\":{\"@id\":\"https:\/\/www.midiariodecocina.com\/en\/convite-expogourmet-campeche-2016-mexico-english\/\"},\"wordCount\":1443,\"commentCount\":0,\"publisher\":{\"@id\":\"https:\/\/www.midiariodecocina.com\/en\/#organization\"},\"image\":{\"@id\":\"https:\/\/www.midiariodecocina.com\/en\/convite-expogourmet-campeche-2016-mexico-english\/#primaryimage\"},\"thumbnailUrl\":\"https:\/\/www.midiariodecocina.com\/wp-content\/uploads\/2016\/11\/Catedral-de-Campeche.jpg\",\"keywords\":[\"Campeche\",\"Expo Gourmet\",\"M\u00e9xico\"],\"articleSection\":[\"Miscellaneous\",\"Travel\"],\"inLanguage\":\"en-US\",\"potentialAction\":[{\"@type\":\"CommentAction\",\"name\":\"Comment\",\"target\":[\"https:\/\/www.midiariodecocina.com\/en\/convite-expogourmet-campeche-2016-mexico-english\/#respond\"]}]},{\"@type\":\"WebPage\",\"@id\":\"https:\/\/www.midiariodecocina.com\/en\/convite-expogourmet-campeche-2016-mexico-english\/\",\"url\":\"https:\/\/www.midiariodecocina.com\/en\/convite-expogourmet-campeche-2016-mexico-english\/\",\"name\":\"Convite ExpoGourmet Campeche 2016, Mexico (ENGLISH) &#8211; Mi Diario de Cocina\",\"isPartOf\":{\"@id\":\"https:\/\/www.midiariodecocina.com\/en\/#website\"},\"primaryImageOfPage\":{\"@id\":\"https:\/\/www.midiariodecocina.com\/en\/convite-expogourmet-campeche-2016-mexico-english\/#primaryimage\"},\"image\":{\"@id\":\"https:\/\/www.midiariodecocina.com\/en\/convite-expogourmet-campeche-2016-mexico-english\/#primaryimage\"},\"thumbnailUrl\":\"https:\/\/www.midiariodecocina.com\/wp-content\/uploads\/2016\/11\/Catedral-de-Campeche.jpg\",\"datePublished\":\"2016-12-01T04:22:47+00:00\",\"dateModified\":\"2016-12-05T07:26:55+00:00\",\"description\":\"Post about Convite ExpoGourmet Campeche 2016, Mexico (ENGLISH), an unforgettable gastronomic and touristic experience, in the beautiful and historic city of Campeche\",\"breadcrumb\":{\"@id\":\"https:\/\/www.midiariodecocina.com\/en\/convite-expogourmet-campeche-2016-mexico-english\/#breadcrumb\"},\"inLanguage\":\"en-US\",\"potentialAction\":[{\"@type\":\"ReadAction\",\"target\":[\"https:\/\/www.midiariodecocina.com\/en\/convite-expogourmet-campeche-2016-mexico-english\/\"]}]},{\"@type\":\"ImageObject\",\"inLanguage\":\"en-US\",\"@id\":\"https:\/\/www.midiariodecocina.com\/en\/convite-expogourmet-campeche-2016-mexico-english\/#primaryimage\",\"url\":\"https:\/\/www.midiariodecocina.com\/wp-content\/uploads\/2016\/11\/Catedral-de-Campeche.jpg\",\"contentUrl\":\"https:\/\/www.midiariodecocina.com\/wp-content\/uploads\/2016\/11\/Catedral-de-Campeche.jpg\",\"width\":700,\"height\":525},{\"@type\":\"BreadcrumbList\",\"@id\":\"https:\/\/www.midiariodecocina.com\/en\/convite-expogourmet-campeche-2016-mexico-english\/#breadcrumb\",\"itemListElement\":[{\"@type\":\"ListItem\",\"position\":1,\"name\":\"Home\",\"item\":\"https:\/\/www.midiariodecocina.com\/en\/\"},{\"@type\":\"ListItem\",\"position\":2,\"name\":\"Convite ExpoGourmet Campeche 2016, Mexico (ENGLISH)\"}]},{\"@type\":\"WebSite\",\"@id\":\"https:\/\/www.midiariodecocina.com\/en\/#website\",\"url\":\"https:\/\/www.midiariodecocina.com\/en\/\",\"name\":\"Mi Diario de Cocina\",\"description\":\"F\u00e1ciles y deliciosas recetas de cocina\",\"publisher\":{\"@id\":\"https:\/\/www.midiariodecocina.com\/en\/#organization\"},\"potentialAction\":[{\"@type\":\"SearchAction\",\"target\":{\"@type\":\"EntryPoint\",\"urlTemplate\":\"https:\/\/www.midiariodecocina.com\/en\/?s={search_term_string}\"},\"query-input\":{\"@type\":\"PropertyValueSpecification\",\"valueRequired\":true,\"valueName\":\"search_term_string\"}}],\"inLanguage\":\"en-US\"},{\"@type\":\"Organization\",\"@id\":\"https:\/\/www.midiariodecocina.com\/en\/#organization\",\"name\":\"Mi Diario de Cocina\",\"url\":\"https:\/\/www.midiariodecocina.com\/en\/\",\"logo\":{\"@type\":\"ImageObject\",\"inLanguage\":\"en-US\",\"@id\":\"https:\/\/www.midiariodecocina.com\/en\/#\/schema\/logo\/image\/\",\"url\":\"https:\/\/www.midiariodecocina.com\/wp-content\/uploads\/2019\/04\/cropped-MDDC_Favicon_color_512x512.png\",\"contentUrl\":\"https:\/\/www.midiariodecocina.com\/wp-content\/uploads\/2019\/04\/cropped-MDDC_Favicon_color_512x512.png\",\"width\":512,\"height\":512,\"caption\":\"Mi Diario de Cocina\"},\"image\":{\"@id\":\"https:\/\/www.midiariodecocina.com\/en\/#\/schema\/logo\/image\/\"},\"sameAs\":[\"https:\/\/www.facebook.com\/midiariodecocina\",\"https:\/\/x.com\/Mooncarolina\",\"http:\/\/instagram.com\/midiariodecocina\",\"http:\/\/www.pinterest.com\/mooncarolina\/\"]},{\"@type\":\"Person\",\"@id\":\"https:\/\/www.midiariodecocina.com\/en\/#\/schema\/person\/c2097bd92e1a1dae3088e16312f461cd\",\"name\":\"Carolina Rojas\",\"image\":{\"@type\":\"ImageObject\",\"inLanguage\":\"en-US\",\"@id\":\"https:\/\/www.midiariodecocina.com\/en\/#\/schema\/person\/image\/\",\"url\":\"https:\/\/secure.gravatar.com\/avatar\/7c68f0659421820c4b4d911debb1a8fa0f3bcf961538ad14bc5ac5db059465c8?s=96&d=mm&r=g\",\"contentUrl\":\"https:\/\/secure.gravatar.com\/avatar\/7c68f0659421820c4b4d911debb1a8fa0f3bcf961538ad14bc5ac5db059465c8?s=96&d=mm&r=g\",\"caption\":\"Carolina Rojas\"},\"description\":\"Chilena en Atlanta, mam\u00e1, esposa, cocinera y food blogger...\",\"sameAs\":[\"http:\/\/www.midiariodecocina.com\"],\"url\":\"https:\/\/www.midiariodecocina.com\/en\/author\/mooncarolina\/\"}]}<\/script>\n<!-- \/ Yoast SEO plugin. -->","yoast_head_json":{"title":"Convite ExpoGourmet Campeche 2016, Mexico (ENGLISH) &#8211; Mi Diario de Cocina","description":"Post about Convite ExpoGourmet Campeche 2016, Mexico (ENGLISH), an unforgettable gastronomic and touristic experience, in the beautiful and historic city of Campeche","robots":{"index":"index","follow":"follow","max-snippet":"max-snippet:-1","max-image-preview":"max-image-preview:large","max-video-preview":"max-video-preview:-1"},"canonical":"https:\/\/www.midiariodecocina.com\/en\/convite-expogourmet-campeche-2016-mexico-english\/","og_locale":"en_US","og_type":"article","og_title":"Convite ExpoGourmet Campeche 2016, Mexico (ENGLISH) &#8211; Mi Diario de Cocina","og_description":"Post about Convite ExpoGourmet Campeche 2016, Mexico (ENGLISH), an unforgettable gastronomic and touristic experience, in the beautiful and historic city of Campeche","og_url":"https:\/\/www.midiariodecocina.com\/en\/convite-expogourmet-campeche-2016-mexico-english\/","og_site_name":"Mi Diario de Cocina","article_publisher":"https:\/\/www.facebook.com\/midiariodecocina","article_published_time":"2016-12-01T04:22:47+00:00","article_modified_time":"2016-12-05T07:26:55+00:00","og_image":[{"width":700,"height":525,"url":"https:\/\/www.midiariodecocina.com\/wp-content\/uploads\/2016\/11\/Catedral-de-Campeche.jpg","type":"image\/jpeg"}],"author":"Carolina Rojas","twitter_card":"summary_large_image","twitter_creator":"@Mooncarolina","twitter_site":"@Mooncarolina","twitter_misc":{"Written by":"Carolina Rojas","Est. reading time":"7 minutes"},"schema":{"@context":"https:\/\/schema.org","@graph":[{"@type":"Article","@id":"https:\/\/www.midiariodecocina.com\/en\/convite-expogourmet-campeche-2016-mexico-english\/#article","isPartOf":{"@id":"https:\/\/www.midiariodecocina.com\/en\/convite-expogourmet-campeche-2016-mexico-english\/"},"author":{"name":"Carolina Rojas","@id":"https:\/\/www.midiariodecocina.com\/en\/#\/schema\/person\/c2097bd92e1a1dae3088e16312f461cd"},"headline":"Convite ExpoGourmet Campeche 2016, Mexico (ENGLISH)","datePublished":"2016-12-01T04:22:47+00:00","dateModified":"2016-12-05T07:26:55+00:00","mainEntityOfPage":{"@id":"https:\/\/www.midiariodecocina.com\/en\/convite-expogourmet-campeche-2016-mexico-english\/"},"wordCount":1443,"commentCount":0,"publisher":{"@id":"https:\/\/www.midiariodecocina.com\/en\/#organization"},"image":{"@id":"https:\/\/www.midiariodecocina.com\/en\/convite-expogourmet-campeche-2016-mexico-english\/#primaryimage"},"thumbnailUrl":"https:\/\/www.midiariodecocina.com\/wp-content\/uploads\/2016\/11\/Catedral-de-Campeche.jpg","keywords":["Campeche","Expo Gourmet","M\u00e9xico"],"articleSection":["Miscellaneous","Travel"],"inLanguage":"en-US","potentialAction":[{"@type":"CommentAction","name":"Comment","target":["https:\/\/www.midiariodecocina.com\/en\/convite-expogourmet-campeche-2016-mexico-english\/#respond"]}]},{"@type":"WebPage","@id":"https:\/\/www.midiariodecocina.com\/en\/convite-expogourmet-campeche-2016-mexico-english\/","url":"https:\/\/www.midiariodecocina.com\/en\/convite-expogourmet-campeche-2016-mexico-english\/","name":"Convite ExpoGourmet Campeche 2016, Mexico (ENGLISH) &#8211; Mi Diario de Cocina","isPartOf":{"@id":"https:\/\/www.midiariodecocina.com\/en\/#website"},"primaryImageOfPage":{"@id":"https:\/\/www.midiariodecocina.com\/en\/convite-expogourmet-campeche-2016-mexico-english\/#primaryimage"},"image":{"@id":"https:\/\/www.midiariodecocina.com\/en\/convite-expogourmet-campeche-2016-mexico-english\/#primaryimage"},"thumbnailUrl":"https:\/\/www.midiariodecocina.com\/wp-content\/uploads\/2016\/11\/Catedral-de-Campeche.jpg","datePublished":"2016-12-01T04:22:47+00:00","dateModified":"2016-12-05T07:26:55+00:00","description":"Post about Convite ExpoGourmet Campeche 2016, Mexico (ENGLISH), an unforgettable gastronomic and touristic experience, in the beautiful and historic city of Campeche","breadcrumb":{"@id":"https:\/\/www.midiariodecocina.com\/en\/convite-expogourmet-campeche-2016-mexico-english\/#breadcrumb"},"inLanguage":"en-US","potentialAction":[{"@type":"ReadAction","target":["https:\/\/www.midiariodecocina.com\/en\/convite-expogourmet-campeche-2016-mexico-english\/"]}]},{"@type":"ImageObject","inLanguage":"en-US","@id":"https:\/\/www.midiariodecocina.com\/en\/convite-expogourmet-campeche-2016-mexico-english\/#primaryimage","url":"https:\/\/www.midiariodecocina.com\/wp-content\/uploads\/2016\/11\/Catedral-de-Campeche.jpg","contentUrl":"https:\/\/www.midiariodecocina.com\/wp-content\/uploads\/2016\/11\/Catedral-de-Campeche.jpg","width":700,"height":525},{"@type":"BreadcrumbList","@id":"https:\/\/www.midiariodecocina.com\/en\/convite-expogourmet-campeche-2016-mexico-english\/#breadcrumb","itemListElement":[{"@type":"ListItem","position":1,"name":"Home","item":"https:\/\/www.midiariodecocina.com\/en\/"},{"@type":"ListItem","position":2,"name":"Convite ExpoGourmet Campeche 2016, Mexico (ENGLISH)"}]},{"@type":"WebSite","@id":"https:\/\/www.midiariodecocina.com\/en\/#website","url":"https:\/\/www.midiariodecocina.com\/en\/","name":"Mi Diario de Cocina","description":"F\u00e1ciles y deliciosas recetas de cocina","publisher":{"@id":"https:\/\/www.midiariodecocina.com\/en\/#organization"},"potentialAction":[{"@type":"SearchAction","target":{"@type":"EntryPoint","urlTemplate":"https:\/\/www.midiariodecocina.com\/en\/?s={search_term_string}"},"query-input":{"@type":"PropertyValueSpecification","valueRequired":true,"valueName":"search_term_string"}}],"inLanguage":"en-US"},{"@type":"Organization","@id":"https:\/\/www.midiariodecocina.com\/en\/#organization","name":"Mi Diario de Cocina","url":"https:\/\/www.midiariodecocina.com\/en\/","logo":{"@type":"ImageObject","inLanguage":"en-US","@id":"https:\/\/www.midiariodecocina.com\/en\/#\/schema\/logo\/image\/","url":"https:\/\/www.midiariodecocina.com\/wp-content\/uploads\/2019\/04\/cropped-MDDC_Favicon_color_512x512.png","contentUrl":"https:\/\/www.midiariodecocina.com\/wp-content\/uploads\/2019\/04\/cropped-MDDC_Favicon_color_512x512.png","width":512,"height":512,"caption":"Mi Diario de Cocina"},"image":{"@id":"https:\/\/www.midiariodecocina.com\/en\/#\/schema\/logo\/image\/"},"sameAs":["https:\/\/www.facebook.com\/midiariodecocina","https:\/\/x.com\/Mooncarolina","http:\/\/instagram.com\/midiariodecocina","http:\/\/www.pinterest.com\/mooncarolina\/"]},{"@type":"Person","@id":"https:\/\/www.midiariodecocina.com\/en\/#\/schema\/person\/c2097bd92e1a1dae3088e16312f461cd","name":"Carolina Rojas","image":{"@type":"ImageObject","inLanguage":"en-US","@id":"https:\/\/www.midiariodecocina.com\/en\/#\/schema\/person\/image\/","url":"https:\/\/secure.gravatar.com\/avatar\/7c68f0659421820c4b4d911debb1a8fa0f3bcf961538ad14bc5ac5db059465c8?s=96&d=mm&r=g","contentUrl":"https:\/\/secure.gravatar.com\/avatar\/7c68f0659421820c4b4d911debb1a8fa0f3bcf961538ad14bc5ac5db059465c8?s=96&d=mm&r=g","caption":"Carolina Rojas"},"description":"Chilena en Atlanta, mam\u00e1, esposa, cocinera y food blogger...","sameAs":["http:\/\/www.midiariodecocina.com"],"url":"https:\/\/www.midiariodecocina.com\/en\/author\/mooncarolina\/"}]}},"_links":{"self":[{"href":"https:\/\/www.midiariodecocina.com\/en\/wp-json\/wp\/v2\/posts\/12440","targetHints":{"allow":["GET"]}}],"collection":[{"href":"https:\/\/www.midiariodecocina.com\/en\/wp-json\/wp\/v2\/posts"}],"about":[{"href":"https:\/\/www.midiariodecocina.com\/en\/wp-json\/wp\/v2\/types\/post"}],"author":[{"embeddable":true,"href":"https:\/\/www.midiariodecocina.com\/en\/wp-json\/wp\/v2\/users\/2"}],"replies":[{"embeddable":true,"href":"https:\/\/www.midiariodecocina.com\/en\/wp-json\/wp\/v2\/comments?post=12440"}],"version-history":[{"count":0,"href":"https:\/\/www.midiariodecocina.com\/en\/wp-json\/wp\/v2\/posts\/12440\/revisions"}],"wp:featuredmedia":[{"embeddable":true,"href":"https:\/\/www.midiariodecocina.com\/en\/wp-json\/wp\/v2\/media\/12318"}],"wp:attachment":[{"href":"https:\/\/www.midiariodecocina.com\/en\/wp-json\/wp\/v2\/media?parent=12440"}],"wp:term":[{"taxonomy":"category","embeddable":true,"href":"https:\/\/www.midiariodecocina.com\/en\/wp-json\/wp\/v2\/categories?post=12440"},{"taxonomy":"post_tag","embeddable":true,"href":"https:\/\/www.midiariodecocina.com\/en\/wp-json\/wp\/v2\/tags?post=12440"}],"curies":[{"name":"wp","href":"https:\/\/api.w.org\/{rel}","templated":true}]}}